{"id":3320,"date":"2020-06-01T08:52:05","date_gmt":"2020-06-01T08:52:05","guid":{"rendered":"https:\/\/www.cantinachitarra.com\/?p=3320"},"modified":"2021-04-19T08:18:07","modified_gmt":"2021-04-19T08:18:07","slug":"recolte-2019-tendance-climatique-et-rendements","status":"publish","type":"post","link":"https:\/\/cantinachitarra.com\/fr\/la-meteo\/recolte-2019-tendance-climatique-et-rendements\/","title":{"rendered":"R\u00e9colte 2019, tendance climatique et rendements"},"content":{"rendered":"\t\t<div data-elementor-type=\"wp-post\" data-elementor-id=\"3320\" class=\"elementor elementor-3320 elementor-1082\" data-elementor-settings=\"[]\">\n\t\t\t\t\t\t<div class=\"elementor-inner\">\n\t\t\t\t\t\t\t<div class=\"elementor-section-wrap\">\n\t\t\t\t\t\t\t<section class=\"elementor-section elementor-top-section elementor-element elementor-element-89a5fef elementor-section-boxed elementor-section-height-default elementor-section-height-default\" data-id=\"89a5fef\" data-element_type=\"section\">\n\t\t\t\t\t\t<div class=\"elementor-container elementor-column-gap-default\">\n\t\t\t\t\t\t\t<div class=\"elementor-row\">\n\t\t\t\t\t<div class=\"elementor-column elementor-col-100 elementor-top-column elementor-element elementor-element-c83f64f\" data-id=\"c83f64f\" data-element_type=\"column\">\n\t\t\t<div class=\"elementor-column-wrap elementor-element-populated\">\n\t\t\t\t\t\t\t<div class=\"elementor-widget-wrap\">\n\t\t\t\t\t\t<div class=\"elementor-element elementor-element-130e3ea elementor-widget elementor-widget-image\" data-id=\"130e3ea\" data-element_type=\"widget\" data-widget_type=\"image.default\">\n\t\t\t\t<div class=\"elementor-widget-container\">\n\t\t\t\t\t<div class=\"elementor-image\">\n\t\t\t\t\t\t\t\t\t\t<img loading=\"lazy\" decoding=\"async\" width=\"1600\" height=\"900\" src=\"https:\/\/cantinachitarra.com\/wp-content\/uploads\/2019\/12\/vendemmia_2019-2.jpg\" class=\"attachment-full size-full\" alt=\"\" srcset=\"https:\/\/cantinachitarra.com\/wp-content\/uploads\/2019\/12\/vendemmia_2019-2.jpg 1600w, https:\/\/cantinachitarra.com\/wp-content\/uploads\/2019\/12\/vendemmia_2019-2-300x169.jpg 300w, https:\/\/cantinachitarra.com\/wp-content\/uploads\/2019\/12\/vendemmia_2019-2-1024x576.jpg 1024w, https:\/\/cantinachitarra.com\/wp-content\/uploads\/2019\/12\/vendemmia_2019-2-768x432.jpg 768w, https:\/\/cantinachitarra.com\/wp-content\/uploads\/2019\/12\/vendemmia_2019-2-1536x864.jpg 1536w\" sizes=\"(max-width: 1600px) 100vw, 1600px\" \/>\t\t\t\t\t\t\t\t\t\t\t<\/div>\n\t\t\t\t<\/div>\n\t\t\t\t<\/div>\n\t\t\t\t\t\t<\/div>\n\t\t\t\t\t<\/div>\n\t\t<\/div>\n\t\t\t\t\t\t\t\t<\/div>\n\t\t\t\t\t<\/div>\n\t\t<\/section>\n\t\t\t\t<section class=\"elementor-section elementor-top-section elementor-element elementor-element-3dc483b1 elementor-section-boxed elementor-section-height-default elementor-section-height-default\" data-id=\"3dc483b1\" data-element_type=\"section\">\n\t\t\t\t\t\t<div class=\"elementor-container elementor-column-gap-default\">\n\t\t\t\t\t\t\t<div class=\"elementor-row\">\n\t\t\t\t\t<div class=\"elementor-column elementor-col-100 elementor-top-column elementor-element elementor-element-7568835c\" data-id=\"7568835c\" data-element_type=\"column\">\n\t\t\t<div class=\"elementor-column-wrap elementor-element-populated\">\n\t\t\t\t\t\t\t<div class=\"elementor-widget-wrap\">\n\t\t\t\t\t\t<div class=\"elementor-element elementor-element-243e0217 elementor-widget elementor-widget-text-editor\" data-id=\"243e0217\" data-element_type=\"widget\" data-widget_type=\"text-editor.default\">\n\t\t\t\t<div class=\"elementor-widget-container\">\n\t\t\t\t\t<div class=\"elementor-text-editor elementor-clearfix\">\n<h1>R\u00e9colte 2019<\/h1>\n<p>La r\u00e9colte 2019 a commenc\u00e9 avec un retard moyen de 10 \u00e0 15 jours par rapport \u00e0 l&rsquo;ann\u00e9e derni\u00e8re, avec des conditions variables dans chaque province. Il y a eu une baisse moyenne d&rsquo;environ 30% de la quantit\u00e9 de raisins r\u00e9colt\u00e9s par rapport \u00e0 2018 et une r\u00e9colte qualifi\u00e9e d&rsquo;excellente par nos vignerons. Tout cela a \u00e9t\u00e9 possible gr\u00e2ce \u00e0 des conditions climatiques assez variables, notamment en mai o\u00f9 il y a eu une baisse des temp\u00e9ratures accompagn\u00e9e d&rsquo;une pluviom\u00e9trie abondante, qui a entra\u00een\u00e9 un ralentissement du cycle v\u00e9g\u00e9tatif de la vigne et une diminution de la quantit\u00e9 de fruits et donc moins de baies dans les grappes. De Trapani \u00e0 Caltanissetta, de Palerme aux r\u00e9gions d&rsquo;Agrigente et de Raguse, la r\u00e9colte a commenc\u00e9 le lundi 5 septembre. A la Cantina Chitarra, les premi\u00e8res vignes r\u00e9colt\u00e9es ont \u00e9t\u00e9 le Pinot Grigio et le Chardonnay, puis toutes les autres. En g\u00e9n\u00e9ral, les diff\u00e9rentes vari\u00e9t\u00e9s ont toutes la m\u00eame caract\u00e9ristique: la diminution de la quantit\u00e9 correspond \u00e0 des raisins m\u00fbrs et parfum\u00e9s, avec un kit aromatique de premier ordre.<\/p>\n<\/div>\n\t\t\t\t<\/div>\n\t\t\t\t<\/div>\n\t\t\t\t\t\t<\/div>\n\t\t\t\t\t<\/div>\n\t\t<\/div>\n\t\t\t\t\t\t\t\t<\/div>\n\t\t\t\t\t<\/div>\n\t\t<\/section>\n\t\t\t\t\t\t<\/div>\n\t\t\t\t\t\t<\/div>\n\t\t\t\t\t<\/div>\n\t\t","protected":false},"excerpt":{"rendered":"<p>R\u00e9colte 2019 La r\u00e9colte 2019 a commenc\u00e9 avec un retard moyen de 10 \u00e0 15 jours par rapport \u00e0 l&rsquo;ann\u00e9e derni\u00e8re, avec des conditions variables dans chaque province. Il y a eu une baisse moyenne d&rsquo;environ 30% de la quantit\u00e9 de raisins r\u00e9colt\u00e9s par rapport \u00e0 2018 et une r\u00e9colte qualifi\u00e9e d&rsquo;excellente par nos vignerons. [&hellip;]<\/p>\n","protected":false},"author":2,"featured_media":3317,"comment_status":"closed","ping_status":"closed","sticky":false,"template":"","format":"standard","meta":{"footnotes":""},"categories":[99],"tags":[],"class_list":["post-3320","post","type-post","status-publish","format-standard","has-post-thumbnail","hentry","category-la-meteo"],"yoast_head":"<!-- This site is optimized with the Yoast SEO plugin v16.0.2 - https:\/\/yoast.com\/wordpress\/plugins\/seo\/ -->\n<title>R\u00e9colte 2019, tendance climatique et rendements - Cantina Chitarra<\/title>\n<link rel=\"canonical\" href=\"https:\/\/cantinachitarra.com\/fr\/la-meteo\/recolte-2019-tendance-climatique-et-rendements\/\" \/>\n<meta property=\"og:locale\" content=\"fr_FR\" \/>\n<meta property=\"og:type\" content=\"article\" \/>\n<meta property=\"og:title\" content=\"R\u00e9colte 2019, tendance climatique et rendements - Cantina Chitarra\" \/>\n<meta property=\"og:description\" content=\"R\u00e9colte 2019 La r\u00e9colte 2019 a commenc\u00e9 avec un retard moyen de 10 \u00e0 15 jours par rapport \u00e0 l&rsquo;ann\u00e9e derni\u00e8re, avec des conditions variables dans chaque province. Il y a eu une baisse moyenne d&rsquo;environ 30% de la quantit\u00e9 de raisins r\u00e9colt\u00e9s par rapport \u00e0 2018 et une r\u00e9colte qualifi\u00e9e d&rsquo;excellente par nos vignerons. [&hellip;]\" \/>\n<meta property=\"og:url\" content=\"https:\/\/cantinachitarra.com\/fr\/la-meteo\/recolte-2019-tendance-climatique-et-rendements\/\" \/>\n<meta property=\"og:site_name\" content=\"Cantina Chitarra\" \/>\n<meta property=\"article:published_time\" content=\"2020-06-01T08:52:05+00:00\" \/>\n<meta property=\"article:modified_time\" content=\"2021-04-19T08:18:07+00:00\" \/>\n<meta property=\"og:image\" content=\"https:\/\/cantinachitarra.com\/wp-content\/uploads\/2019\/12\/vendemmia_2019.jpg\" \/>\n\t<meta property=\"og:image:width\" content=\"1600\" \/>\n\t<meta property=\"og:image:height\" content=\"900\" \/>\n<meta name=\"twitter:card\" content=\"summary_large_image\" \/>\n<meta name=\"twitter:label1\" content=\"Dur\u00e9e de lecture est.\">\n\t<meta name=\"twitter:data1\" content=\"1 minute\">\n<script type=\"application\/ld+json\" class=\"yoast-schema-graph\">{\"@context\":\"https:\/\/schema.org\",\"@graph\":[{\"@type\":\"WebSite\",\"@id\":\"https:\/\/cantinachitarra.com\/#website\",\"url\":\"https:\/\/cantinachitarra.com\/\",\"name\":\"Cantina Chitarra\",\"description\":\"Azienda Vitivinicola Siciliana\",\"potentialAction\":[{\"@type\":\"SearchAction\",\"target\":\"https:\/\/cantinachitarra.com\/?s={search_term_string}\",\"query-input\":\"required name=search_term_string\"}],\"inLanguage\":\"fr-FR\"},{\"@type\":\"ImageObject\",\"@id\":\"https:\/\/cantinachitarra.com\/fr\/la-meteo\/recolte-2019-tendance-climatique-et-rendements\/#primaryimage\",\"inLanguage\":\"fr-FR\",\"url\":\"https:\/\/cantinachitarra.com\/wp-content\/uploads\/2019\/12\/vendemmia_2019.jpg\",\"width\":1600,\"height\":900},{\"@type\":\"WebPage\",\"@id\":\"https:\/\/cantinachitarra.com\/fr\/la-meteo\/recolte-2019-tendance-climatique-et-rendements\/#webpage\",\"url\":\"https:\/\/cantinachitarra.com\/fr\/la-meteo\/recolte-2019-tendance-climatique-et-rendements\/\",\"name\":\"R\\u00e9colte 2019, tendance climatique et rendements - Cantina Chitarra\",\"isPartOf\":{\"@id\":\"https:\/\/cantinachitarra.com\/#website\"},\"primaryImageOfPage\":{\"@id\":\"https:\/\/cantinachitarra.com\/fr\/la-meteo\/recolte-2019-tendance-climatique-et-rendements\/#primaryimage\"},\"datePublished\":\"2020-06-01T08:52:05+00:00\",\"dateModified\":\"2021-04-19T08:18:07+00:00\",\"author\":{\"@id\":\"https:\/\/cantinachitarra.com\/#\/schema\/person\/04629ec0f654c8d3c2f086b80e9d1188\"},\"breadcrumb\":{\"@id\":\"https:\/\/cantinachitarra.com\/fr\/la-meteo\/recolte-2019-tendance-climatique-et-rendements\/#breadcrumb\"},\"inLanguage\":\"fr-FR\",\"potentialAction\":[{\"@type\":\"ReadAction\",\"target\":[\"https:\/\/cantinachitarra.com\/fr\/la-meteo\/recolte-2019-tendance-climatique-et-rendements\/\"]}]},{\"@type\":\"BreadcrumbList\",\"@id\":\"https:\/\/cantinachitarra.com\/fr\/la-meteo\/recolte-2019-tendance-climatique-et-rendements\/#breadcrumb\",\"itemListElement\":[{\"@type\":\"ListItem\",\"position\":1,\"item\":{\"@type\":\"WebPage\",\"@id\":\"https:\/\/cantinachitarra.com\/fr\/\",\"url\":\"https:\/\/cantinachitarra.com\/fr\/\",\"name\":\"Home\"}},{\"@type\":\"ListItem\",\"position\":2,\"item\":{\"@type\":\"WebPage\",\"@id\":\"https:\/\/cantinachitarra.com\/fr\/la-meteo\/recolte-2019-tendance-climatique-et-rendements\/\",\"url\":\"https:\/\/cantinachitarra.com\/fr\/la-meteo\/recolte-2019-tendance-climatique-et-rendements\/\",\"name\":\"R\\u00e9colte 2019, tendance climatique et rendements\"}}]},{\"@type\":\"Person\",\"@id\":\"https:\/\/cantinachitarra.com\/#\/schema\/person\/04629ec0f654c8d3c2f086b80e9d1188\",\"name\":\"massimo\",\"image\":{\"@type\":\"ImageObject\",\"@id\":\"https:\/\/cantinachitarra.com\/#personlogo\",\"inLanguage\":\"fr-FR\",\"url\":\"https:\/\/secure.gravatar.com\/avatar\/b9f270097ed160996856c0434faba018?s=96&d=mm&r=g\",\"caption\":\"massimo\"}}]}<\/script>\n<!-- \/ Yoast SEO plugin. -->","_links":{"self":[{"href":"https:\/\/cantinachitarra.com\/fr\/wp-json\/wp\/v2\/posts\/3320"}],"collection":[{"href":"https:\/\/cantinachitarra.com\/fr\/wp-json\/wp\/v2\/posts"}],"about":[{"href":"https:\/\/cantinachitarra.com\/fr\/wp-json\/wp\/v2\/types\/post"}],"author":[{"embeddable":true,"href":"https:\/\/cantinachitarra.com\/fr\/wp-json\/wp\/v2\/users\/2"}],"replies":[{"embeddable":true,"href":"https:\/\/cantinachitarra.com\/fr\/wp-json\/wp\/v2\/comments?post=3320"}],"version-history":[{"count":7,"href":"https:\/\/cantinachitarra.com\/fr\/wp-json\/wp\/v2\/posts\/3320\/revisions"}],"predecessor-version":[{"id":3397,"href":"https:\/\/cantinachitarra.com\/fr\/wp-json\/wp\/v2\/posts\/3320\/revisions\/3397"}],"wp:featuredmedia":[{"embeddable":true,"href":"https:\/\/cantinachitarra.com\/fr\/wp-json\/wp\/v2\/media\/3317"}],"wp:attachment":[{"href":"https:\/\/cantinachitarra.com\/fr\/wp-json\/wp\/v2\/media?parent=3320"}],"wp:term":[{"taxonomy":"category","embeddable":true,"href":"https:\/\/cantinachitarra.com\/fr\/wp-json\/wp\/v2\/categories?post=3320"},{"taxonomy":"post_tag","embeddable":true,"href":"https:\/\/cantinachitarra.com\/fr\/wp-json\/wp\/v2\/tags?post=3320"}],"curies":[{"name":"wp","href":"https:\/\/api.w.org\/{rel}","templated":true}]}}